{"id":458,"date":"2025-12-21T09:55:07","date_gmt":"2025-12-21T09:55:07","guid":{"rendered":"https:\/\/www.tonymrocek.com\/?p=458"},"modified":"2026-04-15T08:58:33","modified_gmt":"2026-04-15T08:58:33","slug":"zodpovednost-vs-vina","status":"publish","type":"post","link":"https:\/\/www.tonymrocek.com\/sk\/2025\/12\/21\/zodpovednost-vs-vina\/","title":{"rendered":"Zodpovednos\u0165 vs. vina"},"content":{"rendered":"<p>Ticho a pasivita s\u00fa v mana\u017emente jedny z najnebezpe\u010dnej\u0161\u00edch vec\u00ed, ak\u00e9 pozn\u00e1m. Nie krik. Nie konflikt. Ticho.<\/p>\n\n\n\n<p>Preto\u017ee tam, kde mana\u017e\u00e9r ml\u010d\u00ed, kde sa vyh\u00fdba nepr\u00edjemn\u00fdm rozhovorom, kde nech\u00e1 veci plyn\u00fa\u0165 a d\u00fafa, \u017ee sa vyrie\u0161ia samy, tam sa pomaly, ale isto zakoren\u00ed jedna z najde\u0161trukt\u00edvnej\u0161\u00edch kult\u00far, ak\u00fa m\u00f4\u017ee t\u00edm ma\u0165. Kult\u00fara, kde ka\u017ed\u00fd ukazuje prstom na niekoho in\u00e9ho.<\/p>\n\n\n\n<p><em>\u201cZa to m\u00f4\u017ee \u00fadr\u017eba.\u201d \u201cMarketing n\u00e1m nepom\u00e1ha.\u201d \u201cDod\u00e1vate\u013e nedodr\u017eal term\u00edn.\u201d \u201cTo nie ja.\u201d<\/em><\/p>\n\n\n\n<p>Pozn\u00e1 to ka\u017ed\u00fd. A v\u00e4\u010d\u0161ina \u013eud\u00ed to pozn\u00e1 aj zo zrkadla.<\/p>\n\n\n\n<h4 class=\"wp-block-heading\">Dva pocity, ktor\u00e9 nem\u00f4\u017eu existova\u0165 naraz.<\/h4>\n\n\n\n<p>Tu je nie\u010do, \u010do som si uvedomil po rokoch pr\u00e1ce s mana\u017e\u00e9rmi na r\u00f4znych \u00farovniach; ktor\u00fa v\u00fdskum potvrdzuje rovnako presved\u010divo ako prax.<\/p>\n\n\n\n<p>Bren\u00e9 Brown str\u00e1vila desa\u0165ro\u010dia \u0161t\u00fadiom toho, \u010do \u013eud\u00ed blokuje a \u010do ich uvo\u013e\u0148uje, rozli\u0161uje medzi hanbou a zodpovednos\u0165ou. Hanba a vina funguj\u00fa rovnako, hovoria: \u201cJa som zl\u00fd.\u201d Zodpovednos\u0165 hovor\u00ed: \u201cUrobil som nie\u010do zl\u00e9 a m\u00f4\u017eem to napravi\u0165.\u201d S\u00fa to dva vz\u00e1jomne sa vylu\u010duj\u00face pocity.<\/p>\n\n\n\n<p>Niekto, kto sa c\u00edti vinn\u00fd, nem\u00f4\u017ee by\u0165 zodpovedn\u00fd. Vina paralyzuje. Zodpovednos\u0165 aktivuje.<\/p>\n\n\n\n<p>A pr\u00e1ve tu rob\u00ed mnoho mana\u017e\u00e9rov chybu: namiesto toho, aby v \u013eu\u010foch budovali pocit zodpovednosti, \u017eivia v nich pocit viny. Niekedy vedome, niekedy nie. V\u00fdsledok je v\u017edy rovnak\u00fd.<\/p>\n\n\n\n<h4 class=\"wp-block-heading\">\u010co rob\u00ed \u010dlovek, ktor\u00fd sa c\u00edti vinn\u00fd<\/h4>\n\n\n\n<p>\u013dudia, ktor\u00ed sa c\u00edtia vinn\u00ed, konaj\u00fa pod\u013ea predv\u00eddate\u013en\u00e9ho vzorca. A ke\u010f ho raz uvid\u00edte, spozn\u00e1te ho v\u0161ade:<\/p>\n\n\n\n<ul class=\"wp-block-list\">\n<li>Ke\u010f <strong>zakr\u00fdvaj\u00fa chyby<\/strong>. Rad\u0161ej probl\u00e9m zahrab\u00fa, ako by ho vyniesli na na povrch, na svetlo; preto\u017ee svetlo znamen\u00e1 obvinenie.<\/li>\n\n\n\n<li>Ke\u010f <strong>ich popieraj\u00fa.<\/strong><em>\u201cTo som nebol ja.\u201d \u201cTak to nebolo.\u201d \u201cPam\u00e4t\u00e1m si to inak.\u201d<\/em><\/li>\n\n\n\n<li>Ke\u010f <strong>obvi\u0148uj\u00fa druh\u00fdch<\/strong>. Ak je niekto in\u00fd vinn\u00fd, ja nie som. Jednoduch\u00e1 matematika sebaobrany.<\/li>\n\n\n\n<li>Ke\u010f <strong>sa vyhov\u00e1raj\u00fa na vonkaj\u0161ie vplyvy.<\/strong><em>\u201cTrh sa zmenil.\u201d \u201cNemali sme dostatok zdrojov.\u201d \u201cKto by to bol \u010dakal.\u201d<\/em><\/li>\n\n\n\n<li>Alebo ke\u010f sa jednoducho <strong>vzdaj\u00fa<\/strong>. <em>\u201cJa som u\u017e tak\u00fd, nezmen\u00edm sa.\u201d<\/em><\/li>\n<\/ul>\n\n\n\n<p>Ka\u017ed\u00e9 jedno z t\u00fdchto spr\u00e1van\u00ed hovor\u00ed to ist\u00e9: tento \u010dlovek sa nec\u00edti zodpovedn\u00fd. C\u00edti sa uv\u00e4znen\u00fd. A vo v\u00e4zen\u00ed sa nerozm\u00fd\u0161\u013ea o tom, ako sa zlep\u0161i\u0165. Rozm\u00fd\u0161\u013ea sa o tom, ako pre\u017ei\u0165.<\/p>\n\n\n\n<h4 class=\"wp-block-heading\">Ako vyzer\u00e1 rozdiel v praxi<\/h4>\n\n\n\n<p>Predstavte si situ\u00e1ciu: Robert nesplnil cie\u013e. Tret\u00ed mesiac za sebou.<\/p>\n\n\n\n<p><strong>Rozhovor o vine:<\/strong><br>\u201cRobert, pre\u010do si to op\u00e4\u0165 nesplnil?\u201d Robert sa zastav\u00ed. C\u00edti, \u010do prich\u00e1dza. Br\u00e1ni sa. Mana\u017e\u00e9r tla\u010d\u00ed. Robert h\u013ead\u00e1 v\u00fdhovorky. Rozhovor skon\u010d\u00ed bez rie\u0161enia a s hor\u0161\u00edm vz\u0165ahom, ako bol pred n\u00edm.<\/p>\n\n\n\n<p><strong>Rozhovor o zodpovednosti:<\/strong><br><em>\u201cRobert, v\u00fdsledok za tento mesiac n\u00e1s oboch mrz\u00ed. \u010co sa stalo?\u201d<\/em> Robert hovor\u00ed. Mana\u017e\u00e9r po\u010d\u00fava, naozaj po\u010d\u00fava, nie len \u010dak\u00e1, kedy pr\u00edde rad na neho. Spolu h\u013eadaj\u00fa konkr\u00e9tny \u010fal\u0161\u00ed krok. Robert odch\u00e1dza s pl\u00e1nom, nie s hanbou. Mana\u017e\u00e9r odch\u00e1dza s inform\u00e1ciami, ktor\u00e9 predt\u00fdm nemal.<\/p>\n\n\n\n<h4 class=\"wp-block-heading\">Rovnak\u00e1 situ\u00e1cia. \u00daplne in\u00fd v\u00fdsledok.<\/h4>\n\n\n\n<p>Zodpovednos\u0165 nie je m\u00e4kkos\u0165. Tu sa mus\u00edm zastavi\u0165 a pred\u00eds\u0165 mo\u017en\u00e9mu nedorozumeniu.\nZodpovednos\u0165 neznamen\u00e1, \u017ee ka\u017ed\u00e9 zlyhanie je v poriadku. Neznamen\u00e1, \u017ee ke\u010f niekto dlhodobo nepln\u00ed ciele, pok\u00fdvate hlavou a poviete \u201cno dobre, sk\u00fasme znova.\u201d\nZodpovednos\u0165 je n\u00e1ro\u010dnej\u0161ia ako vina. Vy\u017eaduje od v\u00e1s, aby ste rozl\u00ed\u0161ili: je to probl\u00e9m schopnost\u00ed? Probl\u00e9m motiv\u00e1cie? Probl\u00e9m nastavenia cie\u013ea? Ka\u017ed\u00fd z t\u00fdchto probl\u00e9mov m\u00e1 in\u00e9 rie\u0161enie. A vy ako mana\u017e\u00e9r mus\u00edte vedie\u0165, ktor\u00fd z nich rie\u0161ite.\nVina to v\u0161etko zjednodu\u0161uje na \u201ctento \u010dlovek zlyhal.\u201d Zodpovednos\u0165 to cel\u00e9 rozmot\u00e1va. \u00c1no, je to \u0165a\u017e\u0161ia pr\u00e1ca. Ale to je pr\u00e1ca mana\u017e\u00e9ra.<\/p>\n\n\n\n<p>Blame collapses everything into <em>&#8220;this person failed.&#8221;<\/em> Accountability unravels the whole thing. Yes, it&#8217;s harder work. But that&#8217;s the work of a manager.<\/p>\n\n\n\n<h4 class=\"wp-block-heading\">\u010co sa stane, ke\u010f to nefunguje<\/h4>\n\n\n\n<p>Ak ako l\u00edder neprij\u00edmate a nepodporujete zodpovednos\u0165, ak namiesto toho \u017eiv\u00edte pocit viny, v\u00fdsledok je v\u017edy rovnak\u00fd. V\u00fdkon t\u00edmu bude dlhodobo nestabiln\u00fd. V\u00fdsledky bud\u00fa viac dielom n\u00e1hody ne\u017e skuto\u010dn\u00e9ho riadenia.<\/p>\n\n\n\n<p>A pri trochu \u0161\u0165astia pr\u00eddu aj dobr\u00e9 \u010d\u00edsla. Ale nie v\u010faka v\u00e1m. Napriek v\u00e1m.<\/p>\n\n\n\n<p>T\u00edm bude v\u010fa\u010di\u0165 za to svojim v\u00fdnimo\u010dn\u00fdm jednotlivcom, ktor\u00ed funguj\u00fa aj napriek syst\u00e9mu. T\u00fdm, ktor\u00ed sk\u00f4r \u010di nesk\u00f4r od\u00eddu, preto\u017ee \u013eudia, ktor\u00ed sa nespoliehaj\u00fa na ospravedlnenia, si v\u017edy n\u00e1jdu miesto, kde ich ocenia.<\/p>\n\n\n\n<h4 class=\"wp-block-heading\">Praktick\u00fd z\u00e1ver<\/h4>\n\n\n\n<p>Nabud\u00face, ke\u010f nie\u010do nevyjde, polo\u017ete si pred prv\u00fdm slovom dve ot\u00e1zky:<\/p>\n\n\n\n<ul class=\"wp-block-list\">\n<li>H\u013ead\u00e1m vinn\u00edka alebo h\u013ead\u00e1m pr\u00ed\u010dinu?<\/li>\n\n\n\n<li>Tento rozhovor n\u00e1s pos\u00fava dopredu alebo dozadu?<\/li>\n<\/ul>\n\n\n\n<p>Ak ste \u00faprimn\u00ed, odpovede v\u00e1s niekedy prekvapia.<\/p>\n\n\n\n<p><br><\/p>\n\n\n\n<hr class=\"wp-block-separator has-alpha-channel-opacity is-style-dots\"\/>\n\n\n\n<div style=\"height:65px\" aria-hidden=\"true\" class=\"wp-block-spacer\"><\/div>","protected":false},"excerpt":{"rendered":"<p>Ticho a pasivita s\u00fa v mana\u017emente jedny z najnebezpe\u010dnej\u0161\u00edch vec\u00ed, ak\u00e9 pozn\u00e1m. Nie krik. Nie konflikt. Ticho.\n\nPreto\u017ee tam, kde mana\u017e\u00e9r ml\u010d\u00ed, kde sa vyh\u00fdba nepr\u00edjemn\u00fdm rozhovorom, kde nech\u00e1 veci plyn\u00fa\u0165 a d\u00fafa, \u017ee sa vyrie\u0161ia samy, tam sa pomaly, ale isto zakoren\u00ed jedna z najde\u0161trukt\u00edvnej\u0161\u00edch kult\u00far, ak\u00fa m\u00f4\u017ee t\u00edm ma\u0165. Kult\u00fara, kde...<\/p>","protected":false},"author":1,"featured_media":0,"comment_status":"open","ping_status":"open","sticky":false,"template":"","format":"standard","meta":{"_kad_post_transparent":"","_kad_post_title":"","_kad_post_layout":"","_kad_post_sidebar_id":"","_kad_post_content_style":"","_kad_post_vertical_padding":"","_kad_post_feature":"","_kad_post_feature_position":"","_kad_post_header":false,"_kad_post_footer":false,"_kad_post_classname":"","footnotes":""},"categories":[1],"tags":[],"class_list":["post-458","post","type-post","status-publish","format-standard","hentry","category-uncategorized"],"yoast_head":"<!-- This site is optimized with the Yoast SEO plugin v27.5 - https:\/\/yoast.com\/product\/yoast-seo-wordpress\/ -->\n<title>Responsibility vs. Guilt - Tony Mrocek<\/title>\n<meta name=\"robots\" content=\"index, follow, max-snippet:-1, max-image-preview:large, max-video-preview:-1\" \/>\n<link rel=\"canonical\" href=\"https:\/\/www.tonymrocek.com\/sk\/2025\/12\/21\/zodpovednost-vs-vina\/\" \/>\n<meta property=\"og:locale\" content=\"sk_SK\" \/>\n<meta property=\"og:type\" content=\"article\" \/>\n<meta property=\"og:title\" content=\"Responsibility vs. Guilt - Tony Mrocek\" \/>\n<meta property=\"og:description\" content=\"Silence and passivity are among the most dangerous things I know in management. Not shouting. Not conflict. Just silence. Because where a manager stays quiet, avoids difficult conversations, lets things drift and hopes they&#8217;ll resolve themselves, that&#8217;s where one of the most destructive cultures a team can have takes root. Slowly, but surely. A culture...\" \/>\n<meta property=\"og:url\" content=\"https:\/\/www.tonymrocek.com\/sk\/2025\/12\/21\/zodpovednost-vs-vina\/\" \/>\n<meta property=\"og:site_name\" content=\"Tony Mrocek\" \/>\n<meta property=\"article:published_time\" content=\"2025-12-21T09:55:07+00:00\" \/>\n<meta property=\"article:modified_time\" content=\"2026-04-15T08:58:33+00:00\" \/>\n<meta name=\"author\" content=\"tm.com\" \/>\n<meta name=\"twitter:card\" content=\"summary_large_image\" \/>\n<meta name=\"twitter:label1\" content=\"Autor\" \/>\n\t<meta name=\"twitter:data1\" content=\"tm.com\" \/>\n\t<meta name=\"twitter:label2\" content=\"Predpokladan\u00fd \u010das \u010d\u00edtania\" \/>\n\t<meta name=\"twitter:data2\" content=\"4 min\u00faty\" \/>\n<script type=\"application\/ld+json\" class=\"yoast-schema-graph\">{\"@context\":\"https:\\\/\\\/schema.org\",\"@graph\":[{\"@type\":\"Article\",\"@id\":\"https:\\\/\\\/www.tonymrocek.com\\\/2025\\\/12\\\/21\\\/zodpovednost-vs-vina\\\/#article\",\"isPartOf\":{\"@id\":\"https:\\\/\\\/www.tonymrocek.com\\\/2025\\\/12\\\/21\\\/zodpovednost-vs-vina\\\/\"},\"author\":{\"name\":\"tm.com\",\"@id\":\"https:\\\/\\\/www.tonymrocek.com\\\/#\\\/schema\\\/person\\\/fb43b8d64bfb90aba477d89377e3f62b\"},\"headline\":\"Responsibility vs. Guilt\",\"datePublished\":\"2025-12-21T09:55:07+00:00\",\"dateModified\":\"2026-04-15T08:58:33+00:00\",\"mainEntityOfPage\":{\"@id\":\"https:\\\/\\\/www.tonymrocek.com\\\/2025\\\/12\\\/21\\\/zodpovednost-vs-vina\\\/\"},\"wordCount\":740,\"commentCount\":0,\"publisher\":{\"@id\":\"https:\\\/\\\/www.tonymrocek.com\\\/#organization\"},\"articleSection\":[\"Uncategorized\"],\"inLanguage\":\"sk-SK\",\"potentialAction\":[{\"@type\":\"CommentAction\",\"name\":\"Comment\",\"target\":[\"https:\\\/\\\/www.tonymrocek.com\\\/2025\\\/12\\\/21\\\/zodpovednost-vs-vina\\\/#respond\"]}]},{\"@type\":\"WebPage\",\"@id\":\"https:\\\/\\\/www.tonymrocek.com\\\/2025\\\/12\\\/21\\\/zodpovednost-vs-vina\\\/\",\"url\":\"https:\\\/\\\/www.tonymrocek.com\\\/2025\\\/12\\\/21\\\/zodpovednost-vs-vina\\\/\",\"name\":\"Responsibility vs. Guilt - Tony Mrocek\",\"isPartOf\":{\"@id\":\"https:\\\/\\\/www.tonymrocek.com\\\/#website\"},\"datePublished\":\"2025-12-21T09:55:07+00:00\",\"dateModified\":\"2026-04-15T08:58:33+00:00\",\"breadcrumb\":{\"@id\":\"https:\\\/\\\/www.tonymrocek.com\\\/2025\\\/12\\\/21\\\/zodpovednost-vs-vina\\\/#breadcrumb\"},\"inLanguage\":\"sk-SK\",\"potentialAction\":[{\"@type\":\"ReadAction\",\"target\":[\"https:\\\/\\\/www.tonymrocek.com\\\/2025\\\/12\\\/21\\\/zodpovednost-vs-vina\\\/\"]}]},{\"@type\":\"BreadcrumbList\",\"@id\":\"https:\\\/\\\/www.tonymrocek.com\\\/2025\\\/12\\\/21\\\/zodpovednost-vs-vina\\\/#breadcrumb\",\"itemListElement\":[{\"@type\":\"ListItem\",\"position\":1,\"name\":\"Home\",\"item\":\"https:\\\/\\\/www.tonymrocek.com\\\/\"},{\"@type\":\"ListItem\",\"position\":2,\"name\":\"Zodpovednos\u0165 vs. vina\"}]},{\"@type\":\"WebSite\",\"@id\":\"https:\\\/\\\/www.tonymrocek.com\\\/#website\",\"url\":\"https:\\\/\\\/www.tonymrocek.com\\\/\",\"name\":\"Tony Mrocek\",\"description\":\"\",\"publisher\":{\"@id\":\"https:\\\/\\\/www.tonymrocek.com\\\/#organization\"},\"potentialAction\":[{\"@type\":\"SearchAction\",\"target\":{\"@type\":\"EntryPoint\",\"urlTemplate\":\"https:\\\/\\\/www.tonymrocek.com\\\/?s={search_term_string}\"},\"query-input\":{\"@type\":\"PropertyValueSpecification\",\"valueRequired\":true,\"valueName\":\"search_term_string\"}}],\"inLanguage\":\"sk-SK\"},{\"@type\":\"Organization\",\"@id\":\"https:\\\/\\\/www.tonymrocek.com\\\/#organization\",\"name\":\"Tony Mrocek\",\"url\":\"https:\\\/\\\/www.tonymrocek.com\\\/\",\"logo\":{\"@type\":\"ImageObject\",\"inLanguage\":\"sk-SK\",\"@id\":\"https:\\\/\\\/www.tonymrocek.com\\\/#\\\/schema\\\/logo\\\/image\\\/\",\"url\":\"https:\\\/\\\/www.tonymrocek.com\\\/wp-content\\\/uploads\\\/2026\\\/04\\\/cropped-Tony-Mrocek.png\",\"contentUrl\":\"https:\\\/\\\/www.tonymrocek.com\\\/wp-content\\\/uploads\\\/2026\\\/04\\\/cropped-Tony-Mrocek.png\",\"width\":1607,\"height\":367,\"caption\":\"Tony Mrocek\"},\"image\":{\"@id\":\"https:\\\/\\\/www.tonymrocek.com\\\/#\\\/schema\\\/logo\\\/image\\\/\"}},{\"@type\":\"Person\",\"@id\":\"https:\\\/\\\/www.tonymrocek.com\\\/#\\\/schema\\\/person\\\/fb43b8d64bfb90aba477d89377e3f62b\",\"name\":\"tm.com\",\"image\":{\"@type\":\"ImageObject\",\"inLanguage\":\"sk-SK\",\"@id\":\"https:\\\/\\\/secure.gravatar.com\\\/avatar\\\/b3d9ef60e2e073367e468ebafa2e8568170021cdececd1a65d6ecffb981cb054?s=96&d=mm&r=g\",\"url\":\"https:\\\/\\\/secure.gravatar.com\\\/avatar\\\/b3d9ef60e2e073367e468ebafa2e8568170021cdececd1a65d6ecffb981cb054?s=96&d=mm&r=g\",\"contentUrl\":\"https:\\\/\\\/secure.gravatar.com\\\/avatar\\\/b3d9ef60e2e073367e468ebafa2e8568170021cdececd1a65d6ecffb981cb054?s=96&d=mm&r=g\",\"caption\":\"tm.com\"},\"sameAs\":[\"https:\\\/\\\/www.tonymrocek.com\"],\"url\":\"https:\\\/\\\/www.tonymrocek.com\\\/sk\\\/author\\\/tm-com\\\/\"}]}<\/script>\n<!-- \/ Yoast SEO plugin. -->","yoast_head_json":{"title":"Responsibility vs. Guilt - Tony Mrocek","robots":{"index":"index","follow":"follow","max-snippet":"max-snippet:-1","max-image-preview":"max-image-preview:large","max-video-preview":"max-video-preview:-1"},"canonical":"https:\/\/www.tonymrocek.com\/sk\/2025\/12\/21\/zodpovednost-vs-vina\/","og_locale":"sk_SK","og_type":"article","og_title":"Responsibility vs. Guilt - Tony Mrocek","og_description":"Silence and passivity are among the most dangerous things I know in management. Not shouting. Not conflict. Just silence. Because where a manager stays quiet, avoids difficult conversations, lets things drift and hopes they&#8217;ll resolve themselves, that&#8217;s where one of the most destructive cultures a team can have takes root. Slowly, but surely. A culture...","og_url":"https:\/\/www.tonymrocek.com\/sk\/2025\/12\/21\/zodpovednost-vs-vina\/","og_site_name":"Tony Mrocek","article_published_time":"2025-12-21T09:55:07+00:00","article_modified_time":"2026-04-15T08:58:33+00:00","author":"tm.com","twitter_card":"summary_large_image","twitter_misc":{"Autor":"tm.com","Predpokladan\u00fd \u010das \u010d\u00edtania":"4 min\u00faty"},"schema":{"@context":"https:\/\/schema.org","@graph":[{"@type":"Article","@id":"https:\/\/www.tonymrocek.com\/2025\/12\/21\/zodpovednost-vs-vina\/#article","isPartOf":{"@id":"https:\/\/www.tonymrocek.com\/2025\/12\/21\/zodpovednost-vs-vina\/"},"author":{"name":"tm.com","@id":"https:\/\/www.tonymrocek.com\/#\/schema\/person\/fb43b8d64bfb90aba477d89377e3f62b"},"headline":"Responsibility vs. Guilt","datePublished":"2025-12-21T09:55:07+00:00","dateModified":"2026-04-15T08:58:33+00:00","mainEntityOfPage":{"@id":"https:\/\/www.tonymrocek.com\/2025\/12\/21\/zodpovednost-vs-vina\/"},"wordCount":740,"commentCount":0,"publisher":{"@id":"https:\/\/www.tonymrocek.com\/#organization"},"articleSection":["Uncategorized"],"inLanguage":"sk-SK","potentialAction":[{"@type":"CommentAction","name":"Comment","target":["https:\/\/www.tonymrocek.com\/2025\/12\/21\/zodpovednost-vs-vina\/#respond"]}]},{"@type":"WebPage","@id":"https:\/\/www.tonymrocek.com\/2025\/12\/21\/zodpovednost-vs-vina\/","url":"https:\/\/www.tonymrocek.com\/2025\/12\/21\/zodpovednost-vs-vina\/","name":"Responsibility vs. Guilt - Tony Mrocek","isPartOf":{"@id":"https:\/\/www.tonymrocek.com\/#website"},"datePublished":"2025-12-21T09:55:07+00:00","dateModified":"2026-04-15T08:58:33+00:00","breadcrumb":{"@id":"https:\/\/www.tonymrocek.com\/2025\/12\/21\/zodpovednost-vs-vina\/#breadcrumb"},"inLanguage":"sk-SK","potentialAction":[{"@type":"ReadAction","target":["https:\/\/www.tonymrocek.com\/2025\/12\/21\/zodpovednost-vs-vina\/"]}]},{"@type":"BreadcrumbList","@id":"https:\/\/www.tonymrocek.com\/2025\/12\/21\/zodpovednost-vs-vina\/#breadcrumb","itemListElement":[{"@type":"ListItem","position":1,"name":"Home","item":"https:\/\/www.tonymrocek.com\/"},{"@type":"ListItem","position":2,"name":"Zodpovednos\u0165 vs. vina"}]},{"@type":"WebSite","@id":"https:\/\/www.tonymrocek.com\/#website","url":"https:\/\/www.tonymrocek.com\/","name":"Tony Mrocek","description":"","publisher":{"@id":"https:\/\/www.tonymrocek.com\/#organization"},"potentialAction":[{"@type":"SearchAction","target":{"@type":"EntryPoint","urlTemplate":"https:\/\/www.tonymrocek.com\/?s={search_term_string}"},"query-input":{"@type":"PropertyValueSpecification","valueRequired":true,"valueName":"search_term_string"}}],"inLanguage":"sk-SK"},{"@type":"Organization","@id":"https:\/\/www.tonymrocek.com\/#organization","name":"Tony Mrocek","url":"https:\/\/www.tonymrocek.com\/","logo":{"@type":"ImageObject","inLanguage":"sk-SK","@id":"https:\/\/www.tonymrocek.com\/#\/schema\/logo\/image\/","url":"https:\/\/www.tonymrocek.com\/wp-content\/uploads\/2026\/04\/cropped-Tony-Mrocek.png","contentUrl":"https:\/\/www.tonymrocek.com\/wp-content\/uploads\/2026\/04\/cropped-Tony-Mrocek.png","width":1607,"height":367,"caption":"Tony Mrocek"},"image":{"@id":"https:\/\/www.tonymrocek.com\/#\/schema\/logo\/image\/"}},{"@type":"Person","@id":"https:\/\/www.tonymrocek.com\/#\/schema\/person\/fb43b8d64bfb90aba477d89377e3f62b","name":"tm.com","image":{"@type":"ImageObject","inLanguage":"sk-SK","@id":"https:\/\/secure.gravatar.com\/avatar\/b3d9ef60e2e073367e468ebafa2e8568170021cdececd1a65d6ecffb981cb054?s=96&d=mm&r=g","url":"https:\/\/secure.gravatar.com\/avatar\/b3d9ef60e2e073367e468ebafa2e8568170021cdececd1a65d6ecffb981cb054?s=96&d=mm&r=g","contentUrl":"https:\/\/secure.gravatar.com\/avatar\/b3d9ef60e2e073367e468ebafa2e8568170021cdececd1a65d6ecffb981cb054?s=96&d=mm&r=g","caption":"tm.com"},"sameAs":["https:\/\/www.tonymrocek.com"],"url":"https:\/\/www.tonymrocek.com\/sk\/author\/tm-com\/"}]}},"_links":{"self":[{"href":"https:\/\/www.tonymrocek.com\/sk\/wp-json\/wp\/v2\/posts\/458","targetHints":{"allow":["GET"]}}],"collection":[{"href":"https:\/\/www.tonymrocek.com\/sk\/wp-json\/wp\/v2\/posts"}],"about":[{"href":"https:\/\/www.tonymrocek.com\/sk\/wp-json\/wp\/v2\/types\/post"}],"author":[{"embeddable":true,"href":"https:\/\/www.tonymrocek.com\/sk\/wp-json\/wp\/v2\/users\/1"}],"replies":[{"embeddable":true,"href":"https:\/\/www.tonymrocek.com\/sk\/wp-json\/wp\/v2\/comments?post=458"}],"version-history":[{"count":6,"href":"https:\/\/www.tonymrocek.com\/sk\/wp-json\/wp\/v2\/posts\/458\/revisions"}],"predecessor-version":[{"id":537,"href":"https:\/\/www.tonymrocek.com\/sk\/wp-json\/wp\/v2\/posts\/458\/revisions\/537"}],"wp:attachment":[{"href":"https:\/\/www.tonymrocek.com\/sk\/wp-json\/wp\/v2\/media?parent=458"}],"wp:term":[{"taxonomy":"category","embeddable":true,"href":"https:\/\/www.tonymrocek.com\/sk\/wp-json\/wp\/v2\/categories?post=458"},{"taxonomy":"post_tag","embeddable":true,"href":"https:\/\/www.tonymrocek.com\/sk\/wp-json\/wp\/v2\/tags?post=458"}],"curies":[{"name":"wp","href":"https:\/\/api.w.org\/{rel}","templated":true}]}}